{"id":11094,"date":"2021-05-25T13:44:00","date_gmt":"2021-05-25T13:44:00","guid":{"rendered":"https:\/\/foundationforpuertorico.org\/?p=11094"},"modified":"2023-09-28T16:50:55","modified_gmt":"2023-09-28T20:50:55","slug":"destination-plan-arecibo-camuy","status":"publish","type":"post","link":"https:\/\/foundationforpuertorico.org\/es\/destination-plan-arecibo-camuy\/","title":{"rendered":"Plan de Destino Arecibo y Camuy"},"content":{"rendered":"\t\t<div data-elementor-type=\"wp-post\" data-elementor-id=\"11094\" class=\"elementor elementor-11094\" data-elementor-post-type=\"post\">\n\t\t\t\t\t\t<section class=\"elementor-section elementor-top-section elementor-element elementor-element-27faba12 elementor-section-boxed elementor-section-height-default elementor-section-height-default\" data-id=\"27faba12\" data-element_type=\"section\" data-e-type=\"section\" data-settings=\"{&quot;jet_parallax_layout_list&quot;:[{&quot;jet_parallax_layout_image&quot;:{&quot;url&quot;:&quot;&quot;,&quot;id&quot;:&quot;&quot;,&quot;size&quot;:&quot;&quot;},&quot;_id&quot;:&quot;c6fc216&quot;,&quot;jet_parallax_layout_image_tablet&quot;:{&quot;url&quot;:&quot;&quot;,&quot;id&quot;:&quot;&quot;,&quot;size&quot;:&quot;&quot;},&quot;jet_parallax_layout_image_mobile&quot;:{&quot;url&quot;:&quot;&quot;,&quot;id&quot;:&quot;&quot;,&quot;size&quot;:&quot;&quot;},&quot;jet_parallax_layout_speed&quot;:{&quot;unit&quot;:&quot;%&quot;,&quot;size&quot;:50,&quot;sizes&quot;:[]},&quot;jet_parallax_layout_type&quot;:&quot;scroll&quot;,&quot;jet_parallax_layout_direction&quot;:&quot;1&quot;,&quot;jet_parallax_layout_fx_direction&quot;:null,&quot;jet_parallax_layout_z_index&quot;:&quot;&quot;,&quot;jet_parallax_layout_bg_x&quot;:50,&quot;jet_parallax_layout_bg_x_tablet&quot;:&quot;&quot;,&quot;jet_parallax_layout_bg_x_mobile&quot;:&quot;&quot;,&quot;jet_parallax_layout_bg_y&quot;:50,&quot;jet_parallax_layout_bg_y_tablet&quot;:&quot;&quot;,&quot;jet_parallax_layout_bg_y_mobile&quot;:&quot;&quot;,&quot;jet_parallax_layout_bg_size&quot;:&quot;auto&quot;,&quot;jet_parallax_layout_bg_size_tablet&quot;:&quot;&quot;,&quot;jet_parallax_layout_bg_size_mobile&quot;:&quot;&quot;,&quot;jet_parallax_layout_animation_prop&quot;:&quot;transform&quot;,&quot;jet_parallax_layout_on&quot;:[&quot;desktop&quot;,&quot;tablet&quot;]}],&quot;background_background&quot;:&quot;classic&quot;}\">\n\t\t\t\t\t\t\t<div class=\"elementor-background-overlay\"><\/div>\n\t\t\t\t\t\t\t<div class=\"elementor-container elementor-column-gap-default\">\n\t\t\t\t\t<div class=\"elementor-column elementor-col-100 elementor-top-column elementor-element elementor-element-4071059a\" data-id=\"4071059a\" data-element_type=\"column\" data-e-type=\"column\">\n\t\t\t<div class=\"elementor-widget-wrap elementor-element-populated\">\n\t\t\t\t\t\t<div class=\"elementor-element elementor-element-1f8594be elementor-widget elementor-widget-spacer\" data-id=\"1f8594be\" data-element_type=\"widget\" data-e-type=\"widget\" data-widget_type=\"spacer.default\">\n\t\t\t\t\t\t\t<div class=\"elementor-spacer\">\n\t\t\t<div class=\"elementor-spacer-inner\"><\/div>\n\t\t<\/div>\n\t\t\t\t\t\t<\/div>\n\t\t\t\t\t<\/div>\n\t\t<\/div>\n\t\t\t\t\t<\/div>\n\t\t<\/section>\n\t\t\t\t<section class=\"elementor-section elementor-top-section elementor-element elementor-element-37f05aae elementor-section-boxed elementor-section-height-default elementor-section-height-default\" data-id=\"37f05aae\" data-element_type=\"section\" data-e-type=\"section\" data-settings=\"{&quot;jet_parallax_layout_list&quot;:[{&quot;jet_parallax_layout_image&quot;:{&quot;url&quot;:&quot;&quot;,&quot;id&quot;:&quot;&quot;,&quot;size&quot;:&quot;&quot;},&quot;_id&quot;:&quot;aee89c7&quot;,&quot;jet_parallax_layout_image_tablet&quot;:{&quot;url&quot;:&quot;&quot;,&quot;id&quot;:&quot;&quot;,&quot;size&quot;:&quot;&quot;},&quot;jet_parallax_layout_image_mobile&quot;:{&quot;url&quot;:&quot;&quot;,&quot;id&quot;:&quot;&quot;,&quot;size&quot;:&quot;&quot;},&quot;jet_parallax_layout_speed&quot;:{&quot;unit&quot;:&quot;%&quot;,&quot;size&quot;:50,&quot;sizes&quot;:[]},&quot;jet_parallax_layout_type&quot;:&quot;scroll&quot;,&quot;jet_parallax_layout_direction&quot;:&quot;1&quot;,&quot;jet_parallax_layout_fx_direction&quot;:null,&quot;jet_parallax_layout_z_index&quot;:&quot;&quot;,&quot;jet_parallax_layout_bg_x&quot;:50,&quot;jet_parallax_layout_bg_x_tablet&quot;:&quot;&quot;,&quot;jet_parallax_layout_bg_x_mobile&quot;:&quot;&quot;,&quot;jet_parallax_layout_bg_y&quot;:50,&quot;jet_parallax_layout_bg_y_tablet&quot;:&quot;&quot;,&quot;jet_parallax_layout_bg_y_mobile&quot;:&quot;&quot;,&quot;jet_parallax_layout_bg_size&quot;:&quot;auto&quot;,&quot;jet_parallax_layout_bg_size_tablet&quot;:&quot;&quot;,&quot;jet_parallax_layout_bg_size_mobile&quot;:&quot;&quot;,&quot;jet_parallax_layout_animation_prop&quot;:&quot;transform&quot;,&quot;jet_parallax_layout_on&quot;:[&quot;desktop&quot;,&quot;tablet&quot;]}]}\">\n\t\t\t\t\t\t<div class=\"elementor-container elementor-column-gap-default\">\n\t\t\t\t\t<div class=\"elementor-column elementor-col-100 elementor-top-column elementor-element elementor-element-99808c\" data-id=\"99808c\" data-element_type=\"column\" data-e-type=\"column\">\n\t\t\t<div class=\"elementor-widget-wrap elementor-element-populated\">\n\t\t\t\t\t\t<div class=\"elementor-element elementor-element-47ece4b3 elementor-widget elementor-widget-spacer\" data-id=\"47ece4b3\" data-element_type=\"widget\" data-e-type=\"widget\" data-widget_type=\"spacer.default\">\n\t\t\t\t\t\t\t<div class=\"elementor-spacer\">\n\t\t\t<div class=\"elementor-spacer-inner\"><\/div>\n\t\t<\/div>\n\t\t\t\t\t\t<\/div>\n\t\t\t\t<div class=\"elementor-element elementor-element-6ea8ebd8 elementor-widget elementor-widget-theme-post-title elementor-page-title elementor-widget-heading\" data-id=\"6ea8ebd8\" data-element_type=\"widget\" data-e-type=\"widget\" data-widget_type=\"theme-post-title.default\">\n\t\t\t\t\t<h1 class=\"elementor-heading-title elementor-size-default\">Destination Plan &#8211; Arecibo &#038; Camuy<\/h1>\t\t\t\t<\/div>\n\t\t\t\t<section class=\"elementor-section elementor-inner-section elementor-element elementor-element-119a3f3c elementor-section-boxed elementor-section-height-default elementor-section-height-default\" data-id=\"119a3f3c\" data-element_type=\"section\" data-e-type=\"section\" data-settings=\"{&quot;jet_parallax_layout_list&quot;:[{&quot;jet_parallax_layout_image&quot;:{&quot;url&quot;:&quot;&quot;,&quot;id&quot;:&quot;&quot;,&quot;size&quot;:&quot;&quot;},&quot;_id&quot;:&quot;bf7ec65&quot;,&quot;jet_parallax_layout_image_tablet&quot;:{&quot;url&quot;:&quot;&quot;,&quot;id&quot;:&quot;&quot;,&quot;size&quot;:&quot;&quot;},&quot;jet_parallax_layout_image_mobile&quot;:{&quot;url&quot;:&quot;&quot;,&quot;id&quot;:&quot;&quot;,&quot;size&quot;:&quot;&quot;},&quot;jet_parallax_layout_speed&quot;:{&quot;unit&quot;:&quot;%&quot;,&quot;size&quot;:50,&quot;sizes&quot;:[]},&quot;jet_parallax_layout_type&quot;:&quot;scroll&quot;,&quot;jet_parallax_layout_direction&quot;:&quot;1&quot;,&quot;jet_parallax_layout_fx_direction&quot;:null,&quot;jet_parallax_layout_z_index&quot;:&quot;&quot;,&quot;jet_parallax_layout_bg_x&quot;:50,&quot;jet_parallax_layout_bg_x_tablet&quot;:&quot;&quot;,&quot;jet_parallax_layout_bg_x_mobile&quot;:&quot;&quot;,&quot;jet_parallax_layout_bg_y&quot;:50,&quot;jet_parallax_layout_bg_y_tablet&quot;:&quot;&quot;,&quot;jet_parallax_layout_bg_y_mobile&quot;:&quot;&quot;,&quot;jet_parallax_layout_bg_size&quot;:&quot;auto&quot;,&quot;jet_parallax_layout_bg_size_tablet&quot;:&quot;&quot;,&quot;jet_parallax_layout_bg_size_mobile&quot;:&quot;&quot;,&quot;jet_parallax_layout_animation_prop&quot;:&quot;transform&quot;,&quot;jet_parallax_layout_on&quot;:[&quot;desktop&quot;,&quot;tablet&quot;]}]}\">\n\t\t\t\t\t\t<div class=\"elementor-container elementor-column-gap-default\">\n\t\t\t\t\t<div class=\"elementor-column elementor-col-100 elementor-inner-column elementor-element elementor-element-5e9a20eb\" data-id=\"5e9a20eb\" data-element_type=\"column\" data-e-type=\"column\">\n\t\t\t<div class=\"elementor-widget-wrap elementor-element-populated\">\n\t\t\t\t\t\t<div class=\"elementor-element elementor-element-4d5e0337 elementor-align-left elementor-widget elementor-widget-button\" data-id=\"4d5e0337\" data-element_type=\"widget\" data-e-type=\"widget\" data-widget_type=\"button.default\">\n\t\t\t\t\t\t\t\t\t\t<a class=\"elementor-button elementor-button-link elementor-size-lg\" href=\"https:\/\/a43.a93.myftpupload.com\/wp-content\/uploads\/2021\/08\/Destination_Plan_Arecibo_Camuy_FoundationForPuertoRico_EDA_ENG.pdf\" target=\"_blank\">\n\t\t\t\t\t\t<span class=\"elementor-button-content-wrapper\">\n\t\t\t\t\t\t<span class=\"elementor-button-icon\">\n\t\t\t\t<svg aria-hidden=\"true\" class=\"e-font-icon-svg e-fas-file-pdf\" viewBox=\"0 0 384 512\" xmlns=\"http:\/\/www.w3.org\/2000\/svg\"><path d=\"M181.9 256.1c-5-16-4.9-46.9-2-46.9 8.4 0 7.6 36.9 2 46.9zm-1.7 47.2c-7.7 20.2-17.3 43.3-28.4 62.7 18.3-7 39-17.2 62.9-21.9-12.7-9.6-24.9-23.4-34.5-40.8zM86.1 428.1c0 .8 13.2-5.4 34.9-40.2-6.7 6.3-29.1 24.5-34.9 40.2zM248 160h136v328c0 13.3-10.7 24-24 24H24c-13.3 0-24-10.7-24-24V24C0 10.7 10.7 0 24 0h200v136c0 13.2 10.8 24 24 24zm-8 171.8c-20-12.2-33.3-29-42.7-53.8 4.5-18.5 11.6-46.6 6.2-64.2-4.7-29.4-42.4-26.5-47.8-6.8-5 18.3-.4 44.1 8.1 77-11.6 27.6-28.7 64.6-40.8 85.8-.1 0-.1.1-.2.1-27.1 13.9-73.6 44.5-54.5 68 5.6 6.9 16 10 21.5 10 17.9 0 35.7-18 61.1-61.8 25.8-8.5 54.1-19.1 79-23.2 21.7 11.8 47.1 19.5 64 19.5 29.2 0 31.2-32 19.7-43.4-13.9-13.6-54.3-9.7-73.6-7.2zM377 105L279 7c-4.5-4.5-10.6-7-17-7h-6v128h128v-6.1c0-6.3-2.5-12.4-7-16.9zm-74.1 255.3c4.1-2.7-2.5-11.9-42.8-9 37.1 15.8 42.8 9 42.8 9z\"><\/path><\/svg>\t\t\t<\/span>\n\t\t\t\t\t\t\t\t\t<span class=\"elementor-button-text\">Download<\/span>\n\t\t\t\t\t<\/span>\n\t\t\t\t\t<\/a>\n\t\t\t\t\t\t\t\t<\/div>\n\t\t\t\t<div class=\"elementor-element elementor-element-391ea429 elementor-widget elementor-widget-text-editor\" data-id=\"391ea429\" data-element_type=\"widget\" data-e-type=\"widget\" data-no-translation=\"\" data-widget_type=\"text-editor.default\">\n\t\t\t\t\t<style>.elementor-element-391ea429{display:none !important}<\/style>\t\t\t\t<\/div>\n\t\t\t\t<div class=\"elementor-element elementor-element-c4d8d2b elementor-widget elementor-widget-text-editor\" data-id=\"c4d8d2b\" data-element_type=\"widget\" data-e-type=\"widget\" data-no-translation=\"\" data-widget_type=\"text-editor.default\">\n\t\t\t\t\t\t\t\t\t<p>Este Plan de Destino, co-dise\u00f1ado con la comunidad, proporciona un conjunto de puntos de partida integrales y estrat\u00e9gicos para inversiones y pol\u00edticas dirigidas a mejorar los activos que hacen que cada regi\u00f3n sea \u00fanica. Las evaluaciones descritas aqu\u00ed trastornan los procesos de planificaci\u00f3n tradicionales al centrarse en una combinaci\u00f3n de intervenciones que reflejan una evaluaci\u00f3n de brechas, consenso comunitario, la posibilidad de asignaci\u00f3n de recursos y la presencia de posibles defensores entre las partes interesadas. El enfoque es integral porque el crecimiento en la econom\u00eda de visitantes es un proceso complejo que no puede lograrse a trav\u00e9s de un solo proyecto.<\/p><p>Este Plan ofrece un modelo para los esfuerzos impulsados por una coalici\u00f3n mixta de partes interesadas de la comunidad y socios en toda la isla para mejorar la oferta de servicios y aumentar la visitaci\u00f3n a la regi\u00f3n. Adem\u00e1s, fomenta la gesti\u00f3n de proyectos por parte de las comunidades locales y apoya sus esfuerzos para adquirir experiencia a trav\u00e9s de proyectos m\u00e1s peque\u00f1os al tiempo que respalda mejoras en las estructuras administrativas que les permitir\u00e1n estar preparados para impulsar iniciativas importantes con el tiempo. Un enfoque de abajo hacia arriba reconoce el papel crucial que desempe\u00f1an las empresas, los gestores de activos y las partes interesadas clave en los esfuerzos exitosos de turismo de destino.<\/p>\t\t\t\t\t\t\t\t<\/div>\n\t\t\t\t\t<\/div>\n\t\t<\/div>\n\t\t\t\t\t<\/div>\n\t\t<\/section>\n\t\t\t\t<div class=\"elementor-element elementor-element-5fe2f4a1 elementor-widget elementor-widget-spacer\" data-id=\"5fe2f4a1\" data-element_type=\"widget\" data-e-type=\"widget\" data-widget_type=\"spacer.default\">\n\t\t\t\t\t\t\t<div class=\"elementor-spacer\">\n\t\t\t<div class=\"elementor-spacer-inner\"><\/div>\n\t\t<\/div>\n\t\t\t\t\t\t<\/div>\n\t\t\t\t\t<\/div>\n\t\t<\/div>\n\t\t\t\t\t<\/div>\n\t\t<\/section>\n\t\t\t\t<\/div>\n\t\t","protected":false},"excerpt":{"rendered":"<p>Download This Destination Plan, co-designed with the community, provides a set of a comprehensive and strategic starting points for investment and policies aimed at improving the assets that make each region unique. The assessments outlined here upends traditional planning processes by focusing on a mix of interventions that reflect a gap assessment, community consensus, the [&hellip;]<\/p>\n","protected":false},"author":15,"featured_media":0,"comment_status":"open","ping_status":"open","sticky":false,"template":"","format":"standard","meta":{"give_campaign_id":0,"footnotes":""},"categories":[1],"tags":[],"class_list":["post-11094","post","type-post","status-publish","format-standard","hentry","category-uncategorized"],"yoast_head":"<!-- This site is optimized with the Yoast SEO Premium plugin v27.3 (Yoast SEO v27.4) - https:\/\/yoast.com\/product\/yoast-seo-premium-wordpress\/ -->\n<title>Destination Plan - Arecibo &amp; Camuy - Foundation for Puerto Rico<\/title>\n<meta name=\"robots\" content=\"index, follow, max-snippet:-1, max-image-preview:large, max-video-preview:-1\" \/>\n<link rel=\"canonical\" href=\"https:\/\/foundationforpuertorico.org\/es\/destination-plan-arecibo-camuy\/\" \/>\n<meta property=\"og:locale\" content=\"es_ES\" \/>\n<meta property=\"og:type\" content=\"article\" \/>\n<meta property=\"og:title\" content=\"Destination Plan - Arecibo &amp; Camuy\" \/>\n<meta property=\"og:description\" content=\"Download This Destination Plan, co-designed with the community, provides a set of a comprehensive and strategic starting points for investment and policies aimed at improving the assets that make each region unique. The assessments outlined here upends traditional planning processes by focusing on a mix of interventions that reflect a gap assessment, community consensus, the [&hellip;]\" \/>\n<meta property=\"og:url\" content=\"https:\/\/foundationforpuertorico.org\/es\/destination-plan-arecibo-camuy\/\" \/>\n<meta property=\"og:site_name\" content=\"Foundation for Puerto Rico\" \/>\n<meta property=\"article:publisher\" content=\"https:\/\/www.facebook.com\/FoundationForPR\" \/>\n<meta property=\"article:published_time\" content=\"2021-05-25T13:44:00+00:00\" \/>\n<meta property=\"article:modified_time\" content=\"2023-09-28T20:50:55+00:00\" \/>\n<meta property=\"og:image\" content=\"https:\/\/foundationforpuertorico.org\/wp-content\/uploads\/2022\/01\/Logo_socialLink.png\" \/>\n\t<meta property=\"og:image:width\" content=\"1080\" \/>\n\t<meta property=\"og:image:height\" content=\"1080\" \/>\n\t<meta property=\"og:image:type\" content=\"image\/png\" \/>\n<meta name=\"author\" content=\"John Velez\" \/>\n<meta name=\"twitter:card\" content=\"summary_large_image\" \/>\n<meta name=\"twitter:creator\" content=\"@Foundation_PR\" \/>\n<meta name=\"twitter:site\" content=\"@Foundation_PR\" \/>\n<meta name=\"twitter:label1\" content=\"Written by\" \/>\n\t<meta name=\"twitter:data1\" content=\"John Velez\" \/>\n\t<meta name=\"twitter:label2\" content=\"Est. reading time\" \/>\n\t<meta name=\"twitter:data2\" content=\"2 minutos\" \/>\n<script type=\"application\/ld+json\" class=\"yoast-schema-graph\">{\"@context\":\"https:\\\/\\\/schema.org\",\"@graph\":[{\"@type\":\"Article\",\"@id\":\"https:\\\/\\\/foundationforpuertorico.org\\\/en\\\/destination-plan-arecibo-camuy\\\/#article\",\"isPartOf\":{\"@id\":\"https:\\\/\\\/foundationforpuertorico.org\\\/en\\\/destination-plan-arecibo-camuy\\\/\"},\"author\":{\"name\":\"John Velez\",\"@id\":\"https:\\\/\\\/foundationforpuertorico.org\\\/#\\\/schema\\\/person\\\/245efcbd2c7975bb5698e39427c6de9b\"},\"headline\":\"Destination Plan &#8211; Arecibo &#038; Camuy\",\"datePublished\":\"2021-05-25T13:44:00+00:00\",\"dateModified\":\"2023-09-28T20:50:55+00:00\",\"mainEntityOfPage\":{\"@id\":\"https:\\\/\\\/foundationforpuertorico.org\\\/en\\\/destination-plan-arecibo-camuy\\\/\"},\"wordCount\":421,\"commentCount\":0,\"publisher\":{\"@id\":\"https:\\\/\\\/foundationforpuertorico.org\\\/#organization\"},\"articleSection\":[\"Uncategorized\"],\"inLanguage\":\"es\",\"potentialAction\":[{\"@type\":\"CommentAction\",\"name\":\"Comment\",\"target\":[\"https:\\\/\\\/foundationforpuertorico.org\\\/en\\\/destination-plan-arecibo-camuy\\\/#respond\"]}]},{\"@type\":\"WebPage\",\"@id\":\"https:\\\/\\\/foundationforpuertorico.org\\\/en\\\/destination-plan-arecibo-camuy\\\/\",\"url\":\"https:\\\/\\\/foundationforpuertorico.org\\\/en\\\/destination-plan-arecibo-camuy\\\/\",\"name\":\"Destination Plan - Arecibo & Camuy - Foundation for Puerto Rico\",\"isPartOf\":{\"@id\":\"https:\\\/\\\/foundationforpuertorico.org\\\/#website\"},\"datePublished\":\"2021-05-25T13:44:00+00:00\",\"dateModified\":\"2023-09-28T20:50:55+00:00\",\"breadcrumb\":{\"@id\":\"https:\\\/\\\/foundationforpuertorico.org\\\/en\\\/destination-plan-arecibo-camuy\\\/#breadcrumb\"},\"inLanguage\":\"es\",\"potentialAction\":[{\"@type\":\"ReadAction\",\"target\":[\"https:\\\/\\\/foundationforpuertorico.org\\\/en\\\/destination-plan-arecibo-camuy\\\/\"]}]},{\"@type\":\"BreadcrumbList\",\"@id\":\"https:\\\/\\\/foundationforpuertorico.org\\\/en\\\/destination-plan-arecibo-camuy\\\/#breadcrumb\",\"itemListElement\":[{\"@type\":\"ListItem\",\"position\":1,\"name\":\"Home\",\"item\":\"https:\\\/\\\/foundationforpuertorico.org\\\/en\\\/\"},{\"@type\":\"ListItem\",\"position\":2,\"name\":\"Destination Plan &#8211; Arecibo &#038; Camuy\"}]},{\"@type\":\"WebSite\",\"@id\":\"https:\\\/\\\/foundationforpuertorico.org\\\/#website\",\"url\":\"https:\\\/\\\/foundationforpuertorico.org\\\/\",\"name\":\"Foundation for Puerto Rico\",\"description\":\"Transforming our economy to be thriving and sustainable\",\"publisher\":{\"@id\":\"https:\\\/\\\/foundationforpuertorico.org\\\/#organization\"},\"potentialAction\":[{\"@type\":\"SearchAction\",\"target\":{\"@type\":\"EntryPoint\",\"urlTemplate\":\"https:\\\/\\\/foundationforpuertorico.org\\\/?s={search_term_string}\"},\"query-input\":{\"@type\":\"PropertyValueSpecification\",\"valueRequired\":true,\"valueName\":\"search_term_string\"}}],\"inLanguage\":\"es\"},{\"@type\":\"Organization\",\"@id\":\"https:\\\/\\\/foundationforpuertorico.org\\\/#organization\",\"name\":\"Foundation for Puerto Rico\",\"url\":\"https:\\\/\\\/foundationforpuertorico.org\\\/\",\"logo\":{\"@type\":\"ImageObject\",\"inLanguage\":\"es\",\"@id\":\"https:\\\/\\\/foundationforpuertorico.org\\\/#\\\/schema\\\/logo\\\/image\\\/\",\"url\":\"https:\\\/\\\/foundationforpuertorico.org\\\/wp-content\\\/uploads\\\/2022\\\/01\\\/Logo_socialLink.png\",\"contentUrl\":\"https:\\\/\\\/foundationforpuertorico.org\\\/wp-content\\\/uploads\\\/2022\\\/01\\\/Logo_socialLink.png\",\"width\":1080,\"height\":1080,\"caption\":\"Foundation for Puerto Rico\"},\"image\":{\"@id\":\"https:\\\/\\\/foundationforpuertorico.org\\\/#\\\/schema\\\/logo\\\/image\\\/\"},\"sameAs\":[\"https:\\\/\\\/www.facebook.com\\\/FoundationForPR\",\"https:\\\/\\\/x.com\\\/Foundation_PR\",\"https:\\\/\\\/www.instagram.com\\\/foundationforpr\\\/\",\"https:\\\/\\\/www.linkedin.com\\\/company\\\/foundationforpr\\\/\"]},{\"@type\":\"Person\",\"@id\":\"https:\\\/\\\/foundationforpuertorico.org\\\/#\\\/schema\\\/person\\\/245efcbd2c7975bb5698e39427c6de9b\",\"name\":\"John Velez\",\"image\":{\"@type\":\"ImageObject\",\"inLanguage\":\"es\",\"@id\":\"https:\\\/\\\/secure.gravatar.com\\\/avatar\\\/50029156f10ab03f09b646b90cf1807b02639a5b3e16c52ae470e8e6491d4634?s=96&d=mm&r=g\",\"url\":\"https:\\\/\\\/secure.gravatar.com\\\/avatar\\\/50029156f10ab03f09b646b90cf1807b02639a5b3e16c52ae470e8e6491d4634?s=96&d=mm&r=g\",\"contentUrl\":\"https:\\\/\\\/secure.gravatar.com\\\/avatar\\\/50029156f10ab03f09b646b90cf1807b02639a5b3e16c52ae470e8e6491d4634?s=96&d=mm&r=g\",\"caption\":\"John Velez\"},\"url\":\"https:\\\/\\\/foundationforpuertorico.org\\\/es\\\/author\\\/johnbrian\\\/\"}]}<\/script>\n<!-- \/ Yoast SEO Premium plugin. -->","yoast_head_json":{"title":"Destination Plan - Arecibo & Camuy - Foundation for Puerto Rico","robots":{"index":"index","follow":"follow","max-snippet":"max-snippet:-1","max-image-preview":"max-image-preview:large","max-video-preview":"max-video-preview:-1"},"canonical":"https:\/\/foundationforpuertorico.org\/es\/destination-plan-arecibo-camuy\/","og_locale":"es_ES","og_type":"article","og_title":"Destination Plan - Arecibo & Camuy","og_description":"Download This Destination Plan, co-designed with the community, provides a set of a comprehensive and strategic starting points for investment and policies aimed at improving the assets that make each region unique. The assessments outlined here upends traditional planning processes by focusing on a mix of interventions that reflect a gap assessment, community consensus, the [&hellip;]","og_url":"https:\/\/foundationforpuertorico.org\/es\/destination-plan-arecibo-camuy\/","og_site_name":"Foundation for Puerto Rico","article_publisher":"https:\/\/www.facebook.com\/FoundationForPR","article_published_time":"2021-05-25T13:44:00+00:00","article_modified_time":"2023-09-28T20:50:55+00:00","og_image":[{"width":1080,"height":1080,"url":"https:\/\/foundationforpuertorico.org\/wp-content\/uploads\/2022\/01\/Logo_socialLink.png","type":"image\/png"}],"author":"John Velez","twitter_card":"summary_large_image","twitter_creator":"@Foundation_PR","twitter_site":"@Foundation_PR","twitter_misc":{"Written by":"John Velez","Est. reading time":"2 minutos"},"schema":{"@context":"https:\/\/schema.org","@graph":[{"@type":"Article","@id":"https:\/\/foundationforpuertorico.org\/en\/destination-plan-arecibo-camuy\/#article","isPartOf":{"@id":"https:\/\/foundationforpuertorico.org\/en\/destination-plan-arecibo-camuy\/"},"author":{"name":"John Velez","@id":"https:\/\/foundationforpuertorico.org\/#\/schema\/person\/245efcbd2c7975bb5698e39427c6de9b"},"headline":"Destination Plan &#8211; Arecibo &#038; Camuy","datePublished":"2021-05-25T13:44:00+00:00","dateModified":"2023-09-28T20:50:55+00:00","mainEntityOfPage":{"@id":"https:\/\/foundationforpuertorico.org\/en\/destination-plan-arecibo-camuy\/"},"wordCount":421,"commentCount":0,"publisher":{"@id":"https:\/\/foundationforpuertorico.org\/#organization"},"articleSection":["Uncategorized"],"inLanguage":"es","potentialAction":[{"@type":"CommentAction","name":"Comment","target":["https:\/\/foundationforpuertorico.org\/en\/destination-plan-arecibo-camuy\/#respond"]}]},{"@type":"WebPage","@id":"https:\/\/foundationforpuertorico.org\/en\/destination-plan-arecibo-camuy\/","url":"https:\/\/foundationforpuertorico.org\/en\/destination-plan-arecibo-camuy\/","name":"Destination Plan - Arecibo & Camuy - Foundation for Puerto Rico","isPartOf":{"@id":"https:\/\/foundationforpuertorico.org\/#website"},"datePublished":"2021-05-25T13:44:00+00:00","dateModified":"2023-09-28T20:50:55+00:00","breadcrumb":{"@id":"https:\/\/foundationforpuertorico.org\/en\/destination-plan-arecibo-camuy\/#breadcrumb"},"inLanguage":"es","potentialAction":[{"@type":"ReadAction","target":["https:\/\/foundationforpuertorico.org\/en\/destination-plan-arecibo-camuy\/"]}]},{"@type":"BreadcrumbList","@id":"https:\/\/foundationforpuertorico.org\/en\/destination-plan-arecibo-camuy\/#breadcrumb","itemListElement":[{"@type":"ListItem","position":1,"name":"Home","item":"https:\/\/foundationforpuertorico.org\/en\/"},{"@type":"ListItem","position":2,"name":"Destination Plan &#8211; Arecibo &#038; Camuy"}]},{"@type":"WebSite","@id":"https:\/\/foundationforpuertorico.org\/#website","url":"https:\/\/foundationforpuertorico.org\/","name":"Foundation for Puerto Rico","description":"Transforming our economy to be thriving and sustainable","publisher":{"@id":"https:\/\/foundationforpuertorico.org\/#organization"},"potentialAction":[{"@type":"SearchAction","target":{"@type":"EntryPoint","urlTemplate":"https:\/\/foundationforpuertorico.org\/?s={search_term_string}"},"query-input":{"@type":"PropertyValueSpecification","valueRequired":true,"valueName":"search_term_string"}}],"inLanguage":"es"},{"@type":"Organization","@id":"https:\/\/foundationforpuertorico.org\/#organization","name":"Foundation for Puerto Rico","url":"https:\/\/foundationforpuertorico.org\/","logo":{"@type":"ImageObject","inLanguage":"es","@id":"https:\/\/foundationforpuertorico.org\/#\/schema\/logo\/image\/","url":"https:\/\/foundationforpuertorico.org\/wp-content\/uploads\/2022\/01\/Logo_socialLink.png","contentUrl":"https:\/\/foundationforpuertorico.org\/wp-content\/uploads\/2022\/01\/Logo_socialLink.png","width":1080,"height":1080,"caption":"Foundation for Puerto Rico"},"image":{"@id":"https:\/\/foundationforpuertorico.org\/#\/schema\/logo\/image\/"},"sameAs":["https:\/\/www.facebook.com\/FoundationForPR","https:\/\/x.com\/Foundation_PR","https:\/\/www.instagram.com\/foundationforpr\/","https:\/\/www.linkedin.com\/company\/foundationforpr\/"]},{"@type":"Person","@id":"https:\/\/foundationforpuertorico.org\/#\/schema\/person\/245efcbd2c7975bb5698e39427c6de9b","name":"John Velez","image":{"@type":"ImageObject","inLanguage":"es","@id":"https:\/\/secure.gravatar.com\/avatar\/50029156f10ab03f09b646b90cf1807b02639a5b3e16c52ae470e8e6491d4634?s=96&d=mm&r=g","url":"https:\/\/secure.gravatar.com\/avatar\/50029156f10ab03f09b646b90cf1807b02639a5b3e16c52ae470e8e6491d4634?s=96&d=mm&r=g","contentUrl":"https:\/\/secure.gravatar.com\/avatar\/50029156f10ab03f09b646b90cf1807b02639a5b3e16c52ae470e8e6491d4634?s=96&d=mm&r=g","caption":"John Velez"},"url":"https:\/\/foundationforpuertorico.org\/es\/author\/johnbrian\/"}]}},"_links":{"self":[{"href":"https:\/\/foundationforpuertorico.org\/es\/wp-json\/wp\/v2\/posts\/11094","targetHints":{"allow":["GET"]}}],"collection":[{"href":"https:\/\/foundationforpuertorico.org\/es\/wp-json\/wp\/v2\/posts"}],"about":[{"href":"https:\/\/foundationforpuertorico.org\/es\/wp-json\/wp\/v2\/types\/post"}],"author":[{"embeddable":true,"href":"https:\/\/foundationforpuertorico.org\/es\/wp-json\/wp\/v2\/users\/15"}],"replies":[{"embeddable":true,"href":"https:\/\/foundationforpuertorico.org\/es\/wp-json\/wp\/v2\/comments?post=11094"}],"version-history":[{"count":0,"href":"https:\/\/foundationforpuertorico.org\/es\/wp-json\/wp\/v2\/posts\/11094\/revisions"}],"wp:attachment":[{"href":"https:\/\/foundationforpuertorico.org\/es\/wp-json\/wp\/v2\/media?parent=11094"}],"wp:term":[{"taxonomy":"category","embeddable":true,"href":"https:\/\/foundationforpuertorico.org\/es\/wp-json\/wp\/v2\/categories?post=11094"},{"taxonomy":"post_tag","embeddable":true,"href":"https:\/\/foundationforpuertorico.org\/es\/wp-json\/wp\/v2\/tags?post=11094"}],"curies":[{"name":"wp","href":"https:\/\/api.w.org\/{rel}","templated":true}]}}