{"id":29387,"date":"2023-08-30T14:18:24","date_gmt":"2023-08-30T18:18:24","guid":{"rendered":"https:\/\/foundationforpuertorico.org\/?p=29387"},"modified":"2023-11-08T13:47:01","modified_gmt":"2023-11-08T17:47:01","slug":"democratizando-la-educacion-de-cara-al-futuro-de-puerto-rico","status":"publish","type":"post","link":"https:\/\/foundationforpuertorico.org\/en\/democratizando-la-educacion-de-cara-al-futuro-de-puerto-rico\/","title":{"rendered":"Democratizando la educaci\u00f3n de cara al futuro de Puerto Rico"},"content":{"rendered":"\t\t<div data-elementor-type=\"wp-post\" data-elementor-id=\"29387\" class=\"elementor elementor-29387\" data-elementor-post-type=\"post\">\n\t\t\t\t\t\t<section class=\"elementor-section elementor-top-section elementor-element elementor-element-2513532c elementor-section-full_width elementor-section-height-min-height elementor-section-height-default elementor-section-items-middle\" data-id=\"2513532c\" data-element_type=\"section\" data-e-type=\"section\" data-settings=\"{&quot;jet_parallax_layout_list&quot;:[]}\">\n\t\t\t\t\t\t\t<div class=\"elementor-background-overlay\"><\/div>\n\t\t\t\t\t\t\t<div class=\"elementor-container elementor-column-gap-default\">\n\t\t\t\t\t<div class=\"elementor-column elementor-col-100 elementor-top-column elementor-element elementor-element-3302cd27\" data-id=\"3302cd27\" data-element_type=\"column\" data-e-type=\"column\">\n\t\t\t<div class=\"elementor-widget-wrap\">\n\t\t\t\t\t\t\t<\/div>\n\t\t<\/div>\n\t\t\t\t\t<\/div>\n\t\t<\/section>\n\t\t\t\t<section class=\"elementor-section elementor-top-section elementor-element elementor-element-b10fb6 elementor-section-boxed elementor-section-height-default elementor-section-height-default\" data-id=\"b10fb6\" data-element_type=\"section\" data-e-type=\"section\" data-settings=\"{&quot;jet_parallax_layout_list&quot;:[]}\">\n\t\t\t\t\t\t<div class=\"elementor-container elementor-column-gap-default\">\n\t\t\t\t\t<div class=\"elementor-column elementor-col-100 elementor-top-column elementor-element elementor-element-17f2816d\" data-id=\"17f2816d\" data-element_type=\"column\" data-e-type=\"column\">\n\t\t\t<div class=\"elementor-widget-wrap elementor-element-populated\">\n\t\t\t\t\t\t<div class=\"elementor-element elementor-element-3972c97f elementor-widget elementor-widget-heading\" data-id=\"3972c97f\" data-element_type=\"widget\" data-e-type=\"widget\" data-widget_type=\"heading.default\">\n\t\t\t\t\t<h1 class=\"elementor-heading-title elementor-size-default\">Democratizando la educaci\u00f3n de cara al futuro de Puerto Rico<\/h1>\t\t\t\t<\/div>\n\t\t\t\t\t<\/div>\n\t\t<\/div>\n\t\t\t\t\t<\/div>\n\t\t<\/section>\n\t\t\t\t<section class=\"elementor-section elementor-top-section elementor-element elementor-element-36a5734e elementor-section-boxed elementor-section-height-default elementor-section-height-default\" data-id=\"36a5734e\" data-element_type=\"section\" data-e-type=\"section\" data-settings=\"{&quot;jet_parallax_layout_list&quot;:[]}\">\n\t\t\t\t\t\t<div class=\"elementor-container elementor-column-gap-default\">\n\t\t\t\t\t<div class=\"elementor-column elementor-col-100 elementor-top-column elementor-element elementor-element-5a204c48\" data-id=\"5a204c48\" data-element_type=\"column\" data-e-type=\"column\">\n\t\t\t<div class=\"elementor-widget-wrap elementor-element-populated\">\n\t\t\t\t\t\t<div class=\"elementor-element elementor-element-666a147 elementor-widget elementor-widget-text-editor\" data-id=\"666a147\" data-element_type=\"widget\" data-e-type=\"widget\" data-widget_type=\"text-editor.default\">\n\t\t\t\t\t\t\t\t\t<p>En 2021, Foundation for Puerto Rico emple\u00f3 la metodolog\u00eda del \u00cdndice Global de Innovaci\u00f3n para evaluar la posici\u00f3n de Puerto Rico en comparaci\u00f3n con otros pa\u00edses en t\u00e9rminos de capacidad y actividad innovadora. El \u00cdndice identific\u00f3 que la isla ocup\u00f3 el puesto #15 entre 132 pa\u00edses en cuanto al gasto en educaci\u00f3n como proporci\u00f3n de nuestra econom\u00eda. Sin embargo, el desempe\u00f1o de nuestros estudiantes en lectura, matem\u00e1ticas y ciencias, evaluado a trav\u00e9s de las pruebas estandarizadas PISA, se rezag\u00f3, ocupando el puesto #69.<\/p><p>Esta discrepancia subraya un desaf\u00edo crucial; debemos mejorar la efectividad de nuestro sistema educativo para traducir el uso de dinero en resultados acad\u00e9micos reales.<\/p><p>La ra\u00edz del problema reside en el modelo educativo tradicional predominante, particularmente en las escuelas p\u00fablicas de Puerto Rico. Este modelo es uno estandarizado, donde los curr\u00edculos se imparten a los estudiantes al mismo ritmo, independientemente de sus habilidades, intereses o conocimientos. Los estudiantes se agrupan por edad y se enfatiza el aprendizaje pasivo, con el profesor como la principal fuente de conocimiento. El \u00e9xito se mide a trav\u00e9s de pruebas estandarizadas, ofreciendo poco espacio para la retroalimentaci\u00f3n y la atenci\u00f3n a las necesidades individuales. Adem\u00e1s, una proporci\u00f3n significativa de nuestros estudiantes enfrentan desaf\u00edos como pobreza y discapacidades, lo que dificulta a\u00fan m\u00e1s el aprendizaje.<\/p><p>Esta realidad subraya la urgencia de atenci\u00f3n y educaci\u00f3n individualizadas, un enfoque que mejora significativamente la alfabetizaci\u00f3n y el rendimiento educativo. Sin embargo, proporcionar dicha educaci\u00f3n para todos sigue siendo un desaf\u00edo importante, conocido acad\u00e9micamente como <em>el problema de las dos sigmas<\/em>.<\/p>\t\t\t\t\t\t\t\t<\/div>\n\t\t\t\t\t<\/div>\n\t\t<\/div>\n\t\t\t\t\t<\/div>\n\t\t<\/section>\n\t\t\t\t<section class=\"elementor-section elementor-top-section elementor-element elementor-element-5647b016 elementor-section-boxed elementor-section-height-default elementor-section-height-default\" data-id=\"5647b016\" data-element_type=\"section\" data-e-type=\"section\" data-settings=\"{&quot;jet_parallax_layout_list&quot;:[]}\">\n\t\t\t\t\t\t<div class=\"elementor-container elementor-column-gap-default\">\n\t\t\t\t\t<div class=\"elementor-column elementor-col-50 elementor-top-column elementor-element elementor-element-7ef1d0b7\" data-id=\"7ef1d0b7\" data-element_type=\"column\" data-e-type=\"column\" data-settings=\"{&quot;background_background&quot;:&quot;classic&quot;}\">\n\t\t\t<div class=\"elementor-widget-wrap\">\n\t\t\t\t\t\t\t<\/div>\n\t\t<\/div>\n\t\t\t\t<div class=\"elementor-column elementor-col-50 elementor-top-column elementor-element elementor-element-7c96a504\" data-id=\"7c96a504\" data-element_type=\"column\" data-e-type=\"column\">\n\t\t\t<div class=\"elementor-widget-wrap elementor-element-populated\">\n\t\t\t\t\t\t<div class=\"elementor-element elementor-element-49c336ce elementor-blockquote--skin-quotation elementor-widget elementor-widget-blockquote\" data-id=\"49c336ce\" data-element_type=\"widget\" data-e-type=\"widget\" data-widget_type=\"blockquote.default\">\n\t\t\t\t\t\t\t<blockquote class=\"elementor-blockquote\">\n\t\t\t<p class=\"elementor-blockquote__content\">\n\t\t\t\tLa Inteligencia Artificial (IA) posee un potencial transformador para la educaci\u00f3n. Mediante la integraci\u00f3n de la IA, podemos crear un sistema educativo m\u00e1s equitativo y democratizado, pero para lograrlo se necesita acci\u00f3n, inversi\u00f3n y adopci\u00f3n extensiva.\t\t\t<\/p>\n\t\t\t\t\t\t\t<div class=\"e-q-footer\">\n\t\t\t\t\t\t\t\t\t\t\t<cite class=\"elementor-blockquote__author\">Francis P\u00e9rez<\/cite>\n\t\t\t\t\t\t\t\t\t\t\t\t\t\t<\/div>\n\t\t\t\t\t<\/blockquote>\n\t\t\t\t\t\t<\/div>\n\t\t\t\t\t<\/div>\n\t\t<\/div>\n\t\t\t\t\t<\/div>\n\t\t<\/section>\n\t\t\t\t<section class=\"elementor-section elementor-top-section elementor-element elementor-element-ea1d1ea elementor-section-boxed elementor-section-height-default elementor-section-height-default\" data-id=\"ea1d1ea\" data-element_type=\"section\" data-e-type=\"section\" data-settings=\"{&quot;jet_parallax_layout_list&quot;:[]}\">\n\t\t\t\t\t\t<div class=\"elementor-container elementor-column-gap-default\">\n\t\t\t\t\t<div class=\"elementor-column elementor-col-100 elementor-top-column elementor-element elementor-element-c18a722\" data-id=\"c18a722\" data-element_type=\"column\" data-e-type=\"column\">\n\t\t\t<div class=\"elementor-widget-wrap elementor-element-populated\">\n\t\t\t\t\t\t<section class=\"elementor-section elementor-inner-section elementor-element elementor-element-72597cc elementor-section-boxed elementor-section-height-default elementor-section-height-default\" data-id=\"72597cc\" data-element_type=\"section\" data-e-type=\"section\" data-settings=\"{&quot;jet_parallax_layout_list&quot;:[]}\">\n\t\t\t\t\t\t<div class=\"elementor-container elementor-column-gap-default\">\n\t\t\t\t\t<div class=\"elementor-column elementor-col-100 elementor-inner-column elementor-element elementor-element-dc4ce50\" data-id=\"dc4ce50\" data-element_type=\"column\" data-e-type=\"column\">\n\t\t\t<div class=\"elementor-widget-wrap elementor-element-populated\">\n\t\t\t\t\t\t<div class=\"elementor-element elementor-element-a06625d elementor-widget elementor-widget-text-editor\" data-id=\"a06625d\" data-element_type=\"widget\" data-e-type=\"widget\" data-widget_type=\"text-editor.default\">\n\t\t\t\t\t\t\t\t\t<p>Es evidente que el acceso a una educaci\u00f3n personalizada, como la tutor\u00eda individual, a menudo est\u00e1 determinado por el estatus socioecon\u00f3mico de la familia del estudiante y no su potencial.<\/p><p>La buena noticia es que, con los avances en la IA y la tecnolog\u00eda, ahora poseemos herramientas que pueden ayudar a superar este problema. Los modelos educativos que integran IA pueden proporcionar una educaci\u00f3n personalizada con menos recursos, adaptando los materiales de aprendizaje a las fortalezas y debilidades de cada estudiante. Al utilizar grandes modelos de lenguaje (LLMs) y chatbots, el aprendizaje es m\u00e1s interactivo y adaptativo. Esto significa que el material educativo se puede proveer al ritmo y el estilo de aprendizaje de cada estudiante asegurando que ning\u00fan estudiante se quede atr\u00e1s.<\/p><p>Actualmente, muchos estudiantes en Puerto Rico enfrentan un desfase o un rezago acad\u00e9mico. Acontecimientos como huracanes, terremotos y la pandemia han interrumpido su proceso de formaci\u00f3n acad\u00e9mica.\u00a0Plataformas de educaci\u00f3n que usan IA pueden ayudarnos a atender el rezago. Estas plataformas pueden hacer pruebas diagn\u00f3sticas para saber qu\u00e9 tanto sabe cada estudiante y luego darle un programa de estudios que se ajuste a sus necesidades. De esta manera, pueden ayudar a m\u00e1s estudiantes a alcanzar sus metas acad\u00e9micas.<\/p><p>En resumen, estas plataformas de educaci\u00f3n pueden entender las preferencias de aprendizaje de un estudiante y proporcionar retroalimentaci\u00f3n en tiempo real, esencial para abordar las lagunas de conocimiento y garantizar un crecimiento educativo continuo. Tambi\u00e9n puede revolucionar la forma en que se eval\u00faa a los estudiantes, utilizando estrategias como las pruebas adaptativas para medir con precisi\u00f3n la comprensi\u00f3n y el progreso de los estudiantes. Adem\u00e1s, puede liberar a los maestros y profesores de tareas administrativas, permiti\u00e9ndoles enfocar su tiempo en fomentar la curiosidad intelectual y facilitar interacciones con y entre los estudiantes. La aplicaci\u00f3n de la IA va m\u00e1s all\u00e1 de las escuelas. Los padres pueden tener acceso detallado al progreso educativo de sus hijos, entendiendo sus fortalezas, debilidades y progreso.<\/p><p>Es evidente que abordar problemas estructurales, como el acceso a Internet de alta velocidad y el equipo inform\u00e1tico, es un requisito previo para hacer realidad esta visi\u00f3n. Tambi\u00e9n hay que continuar invirtiendo en capacitar a nuestros recursos humanos. La Inteligencia Artificial (IA) posee un potencial transformador para la educaci\u00f3n. Mediante la integraci\u00f3n de la IA, podemos crear un sistema educativo m\u00e1s equitativo y democratizado, pero para lograrlo se necesita acci\u00f3n, inversi\u00f3n y adopci\u00f3n extensiva.<\/p><p>Priorizar el acceso equitativo a estos recursos debe ser un objetivo central para nuestro gobierno y sociedad si realmente deseamos democratizar la educaci\u00f3n y mejorar la calidad de vida de todos los puertorrique\u00f1os. Al invertir en educaci\u00f3n impulsada por la IA, invertimos en nuestros ni\u00f1os, nuestros estudiantes y nuestros profesionales mientras moldeamos un futuro m\u00e1s brillante e inclusivo para Puerto Rico. La pregunta es, \u00bfnuestros l\u00edderes van a darle prioridad a una iniciativa que dar\u00e1 frutos a largo plazo?<\/p>\t\t\t\t\t\t\t\t<\/div>\n\t\t\t\t\t<\/div>\n\t\t<\/div>\n\t\t\t\t\t<\/div>\n\t\t<\/section>\n\t\t\t\t\t<\/div>\n\t\t<\/div>\n\t\t\t\t\t<\/div>\n\t\t<\/section>\n\t\t\t\t<section class=\"elementor-section elementor-top-section elementor-element elementor-element-b33868e elementor-section-boxed elementor-section-height-default elementor-section-height-default\" data-id=\"b33868e\" data-element_type=\"section\" data-e-type=\"section\" data-settings=\"{&quot;jet_parallax_layout_list&quot;:[]}\">\n\t\t\t\t\t\t<div class=\"elementor-container elementor-column-gap-default\">\n\t\t\t\t\t<div class=\"elementor-column elementor-col-100 elementor-top-column elementor-element elementor-element-ae61292\" data-id=\"ae61292\" data-element_type=\"column\" data-e-type=\"column\">\n\t\t\t<div class=\"elementor-widget-wrap elementor-element-populated\">\n\t\t\t\t\t\t<div class=\"elementor-element elementor-element-84bec33 elementor-widget elementor-widget-author-box\" data-id=\"84bec33\" data-element_type=\"widget\" data-e-type=\"widget\" data-widget_type=\"author-box.default\">\n\t\t\t\t\t\t\t<div class=\"elementor-author-box\">\n\t\t\t\t\t\t\t<div  class=\"elementor-author-box__avatar\">\n\t\t\t\t\t<img decoding=\"async\" src=\"https:\/\/foundationforpuertorico.org\/wp-content\/uploads\/2023\/08\/francis-300x300.jpg\" alt=\"Picture of Francis P\u00e9rez\" loading=\"lazy\">\n\t\t\t\t<\/div>\n\t\t\t\n\t\t\t<div class=\"elementor-author-box__text\">\n\t\t\t\t\t\t\t\t\t<div >\n\t\t\t\t\t\t<h1 class=\"elementor-author-box__name\">\n\t\t\t\t\t\t\tFrancis P\u00e9rez\t\t\t\t\t\t<\/h1>\n\t\t\t\t\t<\/div>\n\t\t\t\t\n\t\t\t\t\t\t\t\t\t<div class=\"elementor-author-box__bio\">\n\t\t\t\t\t\t<p>Gerente de Investigaci\u00f3n de Foundation for Puerto Rico<\/p>\n\t\t\t\t\t<\/div>\n\t\t\t\t\n\t\t\t\t\t\t\t<\/div>\n\t\t<\/div>\n\t\t\t\t\t\t<\/div>\n\t\t\t\t\t<\/div>\n\t\t<\/div>\n\t\t\t\t\t<\/div>\n\t\t<\/section>\n\t\t\t\t<\/div>\n\t\t","protected":false},"excerpt":{"rendered":"<p>Democratizando la educaci\u00f3n de cara al futuro de Puerto Rico En 2021, Foundation for Puerto Rico emple\u00f3 la metodolog\u00eda del \u00cdndice Global de Innovaci\u00f3n para evaluar la posici\u00f3n de Puerto Rico en comparaci\u00f3n con otros pa\u00edses en t\u00e9rminos de capacidad y actividad innovadora. El \u00cdndice identific\u00f3 que la isla ocup\u00f3 el puesto #15 entre 132 [&hellip;]<\/p>\n","protected":false},"author":15,"featured_media":29389,"comment_status":"open","ping_status":"open","sticky":false,"template":"","format":"standard","meta":{"give_campaign_id":0,"footnotes":""},"categories":[43],"tags":[],"class_list":["post-29387","post","type-post","status-publish","format-standard","has-post-thumbnail","hentry","category-latest"],"yoast_head":"<!-- This site is optimized with the Yoast SEO Premium plugin v27.3 (Yoast SEO v27.4) - https:\/\/yoast.com\/product\/yoast-seo-premium-wordpress\/ -->\n<title>Democratizando la educaci\u00f3n de cara al futuro de Puerto Rico - Foundation for Puerto Rico<\/title>\n<meta name=\"robots\" content=\"index, follow, max-snippet:-1, max-image-preview:large, max-video-preview:-1\" \/>\n<link rel=\"canonical\" href=\"https:\/\/foundationforpuertorico.org\/en\/democratizando-la-educacion-de-cara-al-futuro-de-puerto-rico\/\" \/>\n<meta property=\"og:locale\" content=\"en_US\" \/>\n<meta property=\"og:type\" content=\"article\" \/>\n<meta property=\"og:title\" content=\"Democratizando la educaci\u00f3n de cara al futuro de Puerto Rico\" \/>\n<meta property=\"og:description\" content=\"Democratizando la educaci\u00f3n de cara al futuro de Puerto Rico En 2021, Foundation for Puerto Rico emple\u00f3 la metodolog\u00eda del \u00cdndice Global de Innovaci\u00f3n para evaluar la posici\u00f3n de Puerto Rico en comparaci\u00f3n con otros pa\u00edses en t\u00e9rminos de capacidad y actividad innovadora. El \u00cdndice identific\u00f3 que la isla ocup\u00f3 el puesto #15 entre 132 [&hellip;]\" \/>\n<meta property=\"og:url\" content=\"https:\/\/foundationforpuertorico.org\/en\/democratizando-la-educacion-de-cara-al-futuro-de-puerto-rico\/\" \/>\n<meta property=\"og:site_name\" content=\"Foundation for Puerto Rico\" \/>\n<meta property=\"article:publisher\" content=\"https:\/\/www.facebook.com\/FoundationForPR\" \/>\n<meta property=\"article:published_time\" content=\"2023-08-30T18:18:24+00:00\" \/>\n<meta property=\"article:modified_time\" content=\"2023-11-08T17:47:01+00:00\" \/>\n<meta property=\"og:image\" content=\"https:\/\/foundationforpuertorico.org\/wp-content\/uploads\/2023\/08\/hero_oped-scaled.jpg\" \/>\n\t<meta property=\"og:image:width\" content=\"2560\" \/>\n\t<meta property=\"og:image:height\" content=\"1280\" \/>\n\t<meta property=\"og:image:type\" content=\"image\/jpeg\" \/>\n<meta name=\"author\" content=\"John Velez\" \/>\n<meta name=\"twitter:card\" content=\"summary_large_image\" \/>\n<meta name=\"twitter:creator\" content=\"@Foundation_PR\" \/>\n<meta name=\"twitter:site\" content=\"@Foundation_PR\" \/>\n<meta name=\"twitter:label1\" content=\"Written by\" \/>\n\t<meta name=\"twitter:data1\" content=\"John Velez\" \/>\n\t<meta name=\"twitter:label2\" content=\"Est. reading time\" \/>\n\t<meta name=\"twitter:data2\" content=\"4 minutes\" \/>\n<script type=\"application\/ld+json\" class=\"yoast-schema-graph\">{\"@context\":\"https:\\\/\\\/schema.org\",\"@graph\":[{\"@type\":\"Article\",\"@id\":\"https:\\\/\\\/foundationforpuertorico.org\\\/democratizando-la-educacion-de-cara-al-futuro-de-puerto-rico\\\/#article\",\"isPartOf\":{\"@id\":\"https:\\\/\\\/foundationforpuertorico.org\\\/democratizando-la-educacion-de-cara-al-futuro-de-puerto-rico\\\/\"},\"author\":{\"name\":\"John Velez\",\"@id\":\"https:\\\/\\\/foundationforpuertorico.org\\\/#\\\/schema\\\/person\\\/245efcbd2c7975bb5698e39427c6de9b\"},\"headline\":\"Democratizando la educaci\u00f3n de cara al futuro de Puerto Rico\",\"datePublished\":\"2023-08-30T18:18:24+00:00\",\"dateModified\":\"2023-11-08T17:47:01+00:00\",\"mainEntityOfPage\":{\"@id\":\"https:\\\/\\\/foundationforpuertorico.org\\\/democratizando-la-educacion-de-cara-al-futuro-de-puerto-rico\\\/\"},\"wordCount\":864,\"commentCount\":0,\"publisher\":{\"@id\":\"https:\\\/\\\/foundationforpuertorico.org\\\/#organization\"},\"image\":{\"@id\":\"https:\\\/\\\/foundationforpuertorico.org\\\/democratizando-la-educacion-de-cara-al-futuro-de-puerto-rico\\\/#primaryimage\"},\"thumbnailUrl\":\"https:\\\/\\\/foundationforpuertorico.org\\\/wp-content\\\/uploads\\\/2023\\\/08\\\/hero_oped-scaled.jpg\",\"articleSection\":[\"Latest\"],\"inLanguage\":\"en-US\",\"potentialAction\":[{\"@type\":\"CommentAction\",\"name\":\"Comment\",\"target\":[\"https:\\\/\\\/foundationforpuertorico.org\\\/democratizando-la-educacion-de-cara-al-futuro-de-puerto-rico\\\/#respond\"]}]},{\"@type\":\"WebPage\",\"@id\":\"https:\\\/\\\/foundationforpuertorico.org\\\/democratizando-la-educacion-de-cara-al-futuro-de-puerto-rico\\\/\",\"url\":\"https:\\\/\\\/foundationforpuertorico.org\\\/democratizando-la-educacion-de-cara-al-futuro-de-puerto-rico\\\/\",\"name\":\"Democratizando la educaci\u00f3n de cara al futuro de Puerto Rico - Foundation for Puerto Rico\",\"isPartOf\":{\"@id\":\"https:\\\/\\\/foundationforpuertorico.org\\\/#website\"},\"primaryImageOfPage\":{\"@id\":\"https:\\\/\\\/foundationforpuertorico.org\\\/democratizando-la-educacion-de-cara-al-futuro-de-puerto-rico\\\/#primaryimage\"},\"image\":{\"@id\":\"https:\\\/\\\/foundationforpuertorico.org\\\/democratizando-la-educacion-de-cara-al-futuro-de-puerto-rico\\\/#primaryimage\"},\"thumbnailUrl\":\"https:\\\/\\\/foundationforpuertorico.org\\\/wp-content\\\/uploads\\\/2023\\\/08\\\/hero_oped-scaled.jpg\",\"datePublished\":\"2023-08-30T18:18:24+00:00\",\"dateModified\":\"2023-11-08T17:47:01+00:00\",\"breadcrumb\":{\"@id\":\"https:\\\/\\\/foundationforpuertorico.org\\\/democratizando-la-educacion-de-cara-al-futuro-de-puerto-rico\\\/#breadcrumb\"},\"inLanguage\":\"en-US\",\"potentialAction\":[{\"@type\":\"ReadAction\",\"target\":[\"https:\\\/\\\/foundationforpuertorico.org\\\/democratizando-la-educacion-de-cara-al-futuro-de-puerto-rico\\\/\"]}]},{\"@type\":\"ImageObject\",\"inLanguage\":\"en-US\",\"@id\":\"https:\\\/\\\/foundationforpuertorico.org\\\/democratizando-la-educacion-de-cara-al-futuro-de-puerto-rico\\\/#primaryimage\",\"url\":\"https:\\\/\\\/foundationforpuertorico.org\\\/wp-content\\\/uploads\\\/2023\\\/08\\\/hero_oped-scaled.jpg\",\"contentUrl\":\"https:\\\/\\\/foundationforpuertorico.org\\\/wp-content\\\/uploads\\\/2023\\\/08\\\/hero_oped-scaled.jpg\",\"width\":2560,\"height\":1280},{\"@type\":\"BreadcrumbList\",\"@id\":\"https:\\\/\\\/foundationforpuertorico.org\\\/democratizando-la-educacion-de-cara-al-futuro-de-puerto-rico\\\/#breadcrumb\",\"itemListElement\":[{\"@type\":\"ListItem\",\"position\":1,\"name\":\"Home\",\"item\":\"https:\\\/\\\/foundationforpuertorico.org\\\/en\\\/\"},{\"@type\":\"ListItem\",\"position\":2,\"name\":\"Democratizando la educaci\u00f3n de cara al futuro de Puerto Rico\"}]},{\"@type\":\"WebSite\",\"@id\":\"https:\\\/\\\/foundationforpuertorico.org\\\/#website\",\"url\":\"https:\\\/\\\/foundationforpuertorico.org\\\/\",\"name\":\"Foundation for Puerto Rico\",\"description\":\"Transforming our economy to be thriving and sustainable\",\"publisher\":{\"@id\":\"https:\\\/\\\/foundationforpuertorico.org\\\/#organization\"},\"potentialAction\":[{\"@type\":\"SearchAction\",\"target\":{\"@type\":\"EntryPoint\",\"urlTemplate\":\"https:\\\/\\\/foundationforpuertorico.org\\\/?s={search_term_string}\"},\"query-input\":{\"@type\":\"PropertyValueSpecification\",\"valueRequired\":true,\"valueName\":\"search_term_string\"}}],\"inLanguage\":\"en-US\"},{\"@type\":\"Organization\",\"@id\":\"https:\\\/\\\/foundationforpuertorico.org\\\/#organization\",\"name\":\"Foundation for Puerto Rico\",\"url\":\"https:\\\/\\\/foundationforpuertorico.org\\\/\",\"logo\":{\"@type\":\"ImageObject\",\"inLanguage\":\"en-US\",\"@id\":\"https:\\\/\\\/foundationforpuertorico.org\\\/#\\\/schema\\\/logo\\\/image\\\/\",\"url\":\"https:\\\/\\\/foundationforpuertorico.org\\\/wp-content\\\/uploads\\\/2022\\\/01\\\/Logo_socialLink.png\",\"contentUrl\":\"https:\\\/\\\/foundationforpuertorico.org\\\/wp-content\\\/uploads\\\/2022\\\/01\\\/Logo_socialLink.png\",\"width\":1080,\"height\":1080,\"caption\":\"Foundation for Puerto Rico\"},\"image\":{\"@id\":\"https:\\\/\\\/foundationforpuertorico.org\\\/#\\\/schema\\\/logo\\\/image\\\/\"},\"sameAs\":[\"https:\\\/\\\/www.facebook.com\\\/FoundationForPR\",\"https:\\\/\\\/x.com\\\/Foundation_PR\",\"https:\\\/\\\/www.instagram.com\\\/foundationforpr\\\/\",\"https:\\\/\\\/www.linkedin.com\\\/company\\\/foundationforpr\\\/\"]},{\"@type\":\"Person\",\"@id\":\"https:\\\/\\\/foundationforpuertorico.org\\\/#\\\/schema\\\/person\\\/245efcbd2c7975bb5698e39427c6de9b\",\"name\":\"John Velez\",\"image\":{\"@type\":\"ImageObject\",\"inLanguage\":\"en-US\",\"@id\":\"https:\\\/\\\/secure.gravatar.com\\\/avatar\\\/50029156f10ab03f09b646b90cf1807b02639a5b3e16c52ae470e8e6491d4634?s=96&d=mm&r=g\",\"url\":\"https:\\\/\\\/secure.gravatar.com\\\/avatar\\\/50029156f10ab03f09b646b90cf1807b02639a5b3e16c52ae470e8e6491d4634?s=96&d=mm&r=g\",\"contentUrl\":\"https:\\\/\\\/secure.gravatar.com\\\/avatar\\\/50029156f10ab03f09b646b90cf1807b02639a5b3e16c52ae470e8e6491d4634?s=96&d=mm&r=g\",\"caption\":\"John Velez\"},\"url\":\"https:\\\/\\\/foundationforpuertorico.org\\\/en\\\/author\\\/johnbrian\\\/\"}]}<\/script>\n<!-- \/ Yoast SEO Premium plugin. -->","yoast_head_json":{"title":"Democratizando la educaci\u00f3n de cara al futuro de Puerto Rico - Foundation for Puerto Rico","robots":{"index":"index","follow":"follow","max-snippet":"max-snippet:-1","max-image-preview":"max-image-preview:large","max-video-preview":"max-video-preview:-1"},"canonical":"https:\/\/foundationforpuertorico.org\/en\/democratizando-la-educacion-de-cara-al-futuro-de-puerto-rico\/","og_locale":"en_US","og_type":"article","og_title":"Democratizando la educaci\u00f3n de cara al futuro de Puerto Rico","og_description":"Democratizando la educaci\u00f3n de cara al futuro de Puerto Rico En 2021, Foundation for Puerto Rico emple\u00f3 la metodolog\u00eda del \u00cdndice Global de Innovaci\u00f3n para evaluar la posici\u00f3n de Puerto Rico en comparaci\u00f3n con otros pa\u00edses en t\u00e9rminos de capacidad y actividad innovadora. El \u00cdndice identific\u00f3 que la isla ocup\u00f3 el puesto #15 entre 132 [&hellip;]","og_url":"https:\/\/foundationforpuertorico.org\/en\/democratizando-la-educacion-de-cara-al-futuro-de-puerto-rico\/","og_site_name":"Foundation for Puerto Rico","article_publisher":"https:\/\/www.facebook.com\/FoundationForPR","article_published_time":"2023-08-30T18:18:24+00:00","article_modified_time":"2023-11-08T17:47:01+00:00","og_image":[{"width":2560,"height":1280,"url":"https:\/\/foundationforpuertorico.org\/wp-content\/uploads\/2023\/08\/hero_oped-scaled.jpg","type":"image\/jpeg"}],"author":"John Velez","twitter_card":"summary_large_image","twitter_creator":"@Foundation_PR","twitter_site":"@Foundation_PR","twitter_misc":{"Written by":"John Velez","Est. reading time":"4 minutes"},"schema":{"@context":"https:\/\/schema.org","@graph":[{"@type":"Article","@id":"https:\/\/foundationforpuertorico.org\/democratizando-la-educacion-de-cara-al-futuro-de-puerto-rico\/#article","isPartOf":{"@id":"https:\/\/foundationforpuertorico.org\/democratizando-la-educacion-de-cara-al-futuro-de-puerto-rico\/"},"author":{"name":"John Velez","@id":"https:\/\/foundationforpuertorico.org\/#\/schema\/person\/245efcbd2c7975bb5698e39427c6de9b"},"headline":"Democratizando la educaci\u00f3n de cara al futuro de Puerto Rico","datePublished":"2023-08-30T18:18:24+00:00","dateModified":"2023-11-08T17:47:01+00:00","mainEntityOfPage":{"@id":"https:\/\/foundationforpuertorico.org\/democratizando-la-educacion-de-cara-al-futuro-de-puerto-rico\/"},"wordCount":864,"commentCount":0,"publisher":{"@id":"https:\/\/foundationforpuertorico.org\/#organization"},"image":{"@id":"https:\/\/foundationforpuertorico.org\/democratizando-la-educacion-de-cara-al-futuro-de-puerto-rico\/#primaryimage"},"thumbnailUrl":"https:\/\/foundationforpuertorico.org\/wp-content\/uploads\/2023\/08\/hero_oped-scaled.jpg","articleSection":["Latest"],"inLanguage":"en-US","potentialAction":[{"@type":"CommentAction","name":"Comment","target":["https:\/\/foundationforpuertorico.org\/democratizando-la-educacion-de-cara-al-futuro-de-puerto-rico\/#respond"]}]},{"@type":"WebPage","@id":"https:\/\/foundationforpuertorico.org\/democratizando-la-educacion-de-cara-al-futuro-de-puerto-rico\/","url":"https:\/\/foundationforpuertorico.org\/democratizando-la-educacion-de-cara-al-futuro-de-puerto-rico\/","name":"Democratizando la educaci\u00f3n de cara al futuro de Puerto Rico - Foundation for Puerto Rico","isPartOf":{"@id":"https:\/\/foundationforpuertorico.org\/#website"},"primaryImageOfPage":{"@id":"https:\/\/foundationforpuertorico.org\/democratizando-la-educacion-de-cara-al-futuro-de-puerto-rico\/#primaryimage"},"image":{"@id":"https:\/\/foundationforpuertorico.org\/democratizando-la-educacion-de-cara-al-futuro-de-puerto-rico\/#primaryimage"},"thumbnailUrl":"https:\/\/foundationforpuertorico.org\/wp-content\/uploads\/2023\/08\/hero_oped-scaled.jpg","datePublished":"2023-08-30T18:18:24+00:00","dateModified":"2023-11-08T17:47:01+00:00","breadcrumb":{"@id":"https:\/\/foundationforpuertorico.org\/democratizando-la-educacion-de-cara-al-futuro-de-puerto-rico\/#breadcrumb"},"inLanguage":"en-US","potentialAction":[{"@type":"ReadAction","target":["https:\/\/foundationforpuertorico.org\/democratizando-la-educacion-de-cara-al-futuro-de-puerto-rico\/"]}]},{"@type":"ImageObject","inLanguage":"en-US","@id":"https:\/\/foundationforpuertorico.org\/democratizando-la-educacion-de-cara-al-futuro-de-puerto-rico\/#primaryimage","url":"https:\/\/foundationforpuertorico.org\/wp-content\/uploads\/2023\/08\/hero_oped-scaled.jpg","contentUrl":"https:\/\/foundationforpuertorico.org\/wp-content\/uploads\/2023\/08\/hero_oped-scaled.jpg","width":2560,"height":1280},{"@type":"BreadcrumbList","@id":"https:\/\/foundationforpuertorico.org\/democratizando-la-educacion-de-cara-al-futuro-de-puerto-rico\/#breadcrumb","itemListElement":[{"@type":"ListItem","position":1,"name":"Home","item":"https:\/\/foundationforpuertorico.org\/en\/"},{"@type":"ListItem","position":2,"name":"Democratizando la educaci\u00f3n de cara al futuro de Puerto Rico"}]},{"@type":"WebSite","@id":"https:\/\/foundationforpuertorico.org\/#website","url":"https:\/\/foundationforpuertorico.org\/","name":"Foundation for Puerto Rico","description":"Transforming our economy to be thriving and sustainable","publisher":{"@id":"https:\/\/foundationforpuertorico.org\/#organization"},"potentialAction":[{"@type":"SearchAction","target":{"@type":"EntryPoint","urlTemplate":"https:\/\/foundationforpuertorico.org\/?s={search_term_string}"},"query-input":{"@type":"PropertyValueSpecification","valueRequired":true,"valueName":"search_term_string"}}],"inLanguage":"en-US"},{"@type":"Organization","@id":"https:\/\/foundationforpuertorico.org\/#organization","name":"Foundation for Puerto Rico","url":"https:\/\/foundationforpuertorico.org\/","logo":{"@type":"ImageObject","inLanguage":"en-US","@id":"https:\/\/foundationforpuertorico.org\/#\/schema\/logo\/image\/","url":"https:\/\/foundationforpuertorico.org\/wp-content\/uploads\/2022\/01\/Logo_socialLink.png","contentUrl":"https:\/\/foundationforpuertorico.org\/wp-content\/uploads\/2022\/01\/Logo_socialLink.png","width":1080,"height":1080,"caption":"Foundation for Puerto Rico"},"image":{"@id":"https:\/\/foundationforpuertorico.org\/#\/schema\/logo\/image\/"},"sameAs":["https:\/\/www.facebook.com\/FoundationForPR","https:\/\/x.com\/Foundation_PR","https:\/\/www.instagram.com\/foundationforpr\/","https:\/\/www.linkedin.com\/company\/foundationforpr\/"]},{"@type":"Person","@id":"https:\/\/foundationforpuertorico.org\/#\/schema\/person\/245efcbd2c7975bb5698e39427c6de9b","name":"John Velez","image":{"@type":"ImageObject","inLanguage":"en-US","@id":"https:\/\/secure.gravatar.com\/avatar\/50029156f10ab03f09b646b90cf1807b02639a5b3e16c52ae470e8e6491d4634?s=96&d=mm&r=g","url":"https:\/\/secure.gravatar.com\/avatar\/50029156f10ab03f09b646b90cf1807b02639a5b3e16c52ae470e8e6491d4634?s=96&d=mm&r=g","contentUrl":"https:\/\/secure.gravatar.com\/avatar\/50029156f10ab03f09b646b90cf1807b02639a5b3e16c52ae470e8e6491d4634?s=96&d=mm&r=g","caption":"John Velez"},"url":"https:\/\/foundationforpuertorico.org\/en\/author\/johnbrian\/"}]}},"_links":{"self":[{"href":"https:\/\/foundationforpuertorico.org\/en\/wp-json\/wp\/v2\/posts\/29387","targetHints":{"allow":["GET"]}}],"collection":[{"href":"https:\/\/foundationforpuertorico.org\/en\/wp-json\/wp\/v2\/posts"}],"about":[{"href":"https:\/\/foundationforpuertorico.org\/en\/wp-json\/wp\/v2\/types\/post"}],"author":[{"embeddable":true,"href":"https:\/\/foundationforpuertorico.org\/en\/wp-json\/wp\/v2\/users\/15"}],"replies":[{"embeddable":true,"href":"https:\/\/foundationforpuertorico.org\/en\/wp-json\/wp\/v2\/comments?post=29387"}],"version-history":[{"count":0,"href":"https:\/\/foundationforpuertorico.org\/en\/wp-json\/wp\/v2\/posts\/29387\/revisions"}],"wp:featuredmedia":[{"embeddable":true,"href":"https:\/\/foundationforpuertorico.org\/en\/wp-json\/wp\/v2\/media\/29389"}],"wp:attachment":[{"href":"https:\/\/foundationforpuertorico.org\/en\/wp-json\/wp\/v2\/media?parent=29387"}],"wp:term":[{"taxonomy":"category","embeddable":true,"href":"https:\/\/foundationforpuertorico.org\/en\/wp-json\/wp\/v2\/categories?post=29387"},{"taxonomy":"post_tag","embeddable":true,"href":"https:\/\/foundationforpuertorico.org\/en\/wp-json\/wp\/v2\/tags?post=29387"}],"curies":[{"name":"wp","href":"https:\/\/api.w.org\/{rel}","templated":true}]}}